{"id":1459,"date":"2024-06-23T17:15:45","date_gmt":"2024-06-23T22:15:45","guid":{"rendered":"https:\/\/fcgriopailacastilla.org\/?p=1459"},"modified":"2024-09-19T15:15:13","modified_gmt":"2024-09-19T15:15:13","slug":"historias-para-contar","status":"publish","type":"post","link":"https:\/\/fcgriopailacastilla.org\/site\/2024\/06\/23\/historias-para-contar\/","title":{"rendered":"Historias para contar"},"content":{"rendered":"\t\t<div data-elementor-type=\"wp-post\" data-elementor-id=\"1459\" class=\"elementor elementor-1459\">\n\t\t\t\t<div class=\"elementor-element elementor-element-4bad2443 e-flex e-con-boxed e-con e-parent\" data-id=\"4bad2443\" data-element_type=\"container\">\n\t\t\t\t\t<div class=\"e-con-inner\">\n\t\t\t\t<div class=\"elementor-element elementor-element-704da9a elementor-widget elementor-widget-text-editor\" data-id=\"704da9a\" data-element_type=\"widget\" data-widget_type=\"text-editor.default\">\n\t\t\t\t<div class=\"elementor-widget-container\">\n\t\t\t\t\t\t\t<div id=\"pl-1459\" class=\"panel-layout\">\n<div id=\"pg-1459-0\" class=\"panel-grid panel-no-style\" data-style=\"{&quot;background_image_attachment&quot;:false,&quot;background_display&quot;:&quot;tile&quot;,&quot;background_image_size&quot;:&quot;full&quot;,&quot;border_thickness&quot;:&quot;1px&quot;,&quot;cell_alignment&quot;:&quot;flex-start&quot;}\" data-ratio=\"1\" data-ratio-direction=\"right\">\n<div id=\"pgc-1459-0-0\" class=\"panel-grid-cell\" data-weight=\"1\">\n<div id=\"panel-1459-0-0-0\" class=\"so-panel widget widget_text panel-first-child panel-last-child\" data-index=\"0\" data-style=\"{&quot;background_image_attachment&quot;:false,&quot;background_display&quot;:&quot;tile&quot;,&quot;background_image_size&quot;:&quot;full&quot;,&quot;border_thickness&quot;:&quot;1px&quot;}\">\n<div class=\"textwidget\">\n<p><!-- wp:image --><\/p>\n<figure class=\"wp-block-image\"><img alt=\"\" \/>La Fundaci\u00f3n Caicedo Gonz\u00e1lez Riopaila Castilla en su inter\u00e9s de crear oportunidades que impulsen transformaciones sociales, se articula con otros actores para abordar estos desaf\u00edos en los municipios de Florida, Pradera, Zarzal, Bugalagrande en el Valle del Cauca y en el Cauca en Miranda, Guachen\u00e9.<\/figure>\n<p><!-- \/wp:html --><\/p>\n<\/div>\n<\/div>\n<\/div>\n<\/div>\n<\/div>\t\t\t\t\t\t<\/div>\n\t\t\t\t<\/div>\n\t\t\t\t<div class=\"elementor-element elementor-element-64f8b27 elementor-widget elementor-widget-video\" data-id=\"64f8b27\" data-element_type=\"widget\" data-settings=\"{&quot;youtube_url&quot;:&quot;https:\\\/\\\/www.youtube.com\\\/watch?v=VuTB_pnYf-M&quot;,&quot;video_type&quot;:&quot;youtube&quot;,&quot;controls&quot;:&quot;yes&quot;}\" data-widget_type=\"video.default\">\n\t\t\t\t<div class=\"elementor-widget-container\">\n\t\t\t\t\t<div class=\"elementor-wrapper elementor-open-inline\">\n\t\t\t<div class=\"elementor-video\"><\/div>\t\t<\/div>\n\t\t\t\t<\/div>\n\t\t\t\t<\/div>\n\t\t\t\t<div class=\"elementor-element elementor-element-4438c271 elementor-widget elementor-widget-text-editor\" data-id=\"4438c271\" data-element_type=\"widget\" data-widget_type=\"text-editor.default\">\n\t\t\t\t<div class=\"elementor-widget-container\">\n\t\t\t\t\t\t\t<div id=\"pl-1459\" class=\"panel-layout\">\n<div id=\"pg-1459-0\" class=\"panel-grid panel-no-style\" data-style=\"{&quot;background_image_attachment&quot;:false,&quot;background_display&quot;:&quot;tile&quot;,&quot;background_image_size&quot;:&quot;full&quot;,&quot;border_thickness&quot;:&quot;1px&quot;,&quot;cell_alignment&quot;:&quot;flex-start&quot;}\" data-ratio=\"1\" data-ratio-direction=\"right\">\n<div id=\"pgc-1459-0-0\" class=\"panel-grid-cell\" data-weight=\"1\">\n<div id=\"panel-1459-0-0-0\" class=\"so-panel widget widget_text panel-first-child panel-last-child\" data-index=\"0\" data-style=\"{&quot;background_image_attachment&quot;:false,&quot;background_display&quot;:&quot;tile&quot;,&quot;background_image_size&quot;:&quot;full&quot;,&quot;border_thickness&quot;:&quot;1px&quot;}\">\n<div class=\"textwidget\">\n<p><!-- wp:image --><\/p>\n<p><!-- \/wp:html --><!-- wp:html --><\/p>\n<div id=\"pgc-1459-1-1\" class=\"panel-grid-cell panel-grid-cell-empty\" data-weight=\"0.5\"><span style=\"color: initial; font-size: revert;\">En un peque\u00f1o rinc\u00f3n escondido de su casa, Cindy estableci\u00f3 su huerta en octubre de 2023. La llama \u201cMi Rinconcito\u201d y se ha convertido en la fuente de alimentos no solo para su familia, sino tambi\u00e9n, para quienes viven con ella en su comunidad.<\/span><\/div>\n<p><!-- \/wp:html --><!-- wp:html --><\/p>\n<div id=\"pg-1459-3\" class=\"panel-grid panel-no-style\" data-style=\"{&quot;background_image_attachment&quot;:false,&quot;background_display&quot;:&quot;tile&quot;,&quot;background_image_size&quot;:&quot;full&quot;,&quot;border_thickness&quot;:&quot;1px&quot;,&quot;cell_alignment&quot;:&quot;flex-start&quot;}\" data-ratio=\"1\" data-ratio-direction=\"right\">\n<div id=\"pgc-1459-3-0\" class=\"panel-grid-cell\" data-weight=\"1\">\n<div id=\"panel-1459-3-0-0\" class=\"so-panel widget widget_text panel-first-child panel-last-child\" data-index=\"2\" data-style=\"{&quot;background_image_attachment&quot;:false,&quot;background_display&quot;:&quot;tile&quot;,&quot;background_image_size&quot;:&quot;full&quot;,&quot;border_thickness&quot;:&quot;1px&quot;}\">\n<div class=\"textwidget\">\n<p>Ya no necesita comprar cilantro, habichuelas ni zanahorias, y pronto los tomates comenzaran a dar sus frutos. Antes, aunque tambi\u00e9n sembraba, no siempre ten\u00eda \u00e9xito, pero luego de su participaci\u00f3n en las escuelas de campo todo funciona mejor, pues afianz\u00f3 habilidades y conocimientos relacionados con la siembra y cosecha de hortalizas y verduras. Cindy ha vivido aqu\u00ed durante cinco a\u00f1os, junto a su esposo, originario de Ca\u00f1as Abajo (Florida), y sus tres hijos peque\u00f1os. Mientras su esposo trabaja en labores de campo, Cindy sale diariamente a conseguir el complemento de recursos para su sustento.<\/p>\n<p>Cindy y sus hijos comparten tiempo familiar en la huerta, ayud\u00e1ndola a sembrar, a limpiar la maleza y a voltear la tierra, momento que contribuye a la uni\u00f3n familiar y a la formaci\u00f3n de sus hijos.<\/p>\n<\/div>\n<\/div>\n<\/div>\n<\/div>\n<p><!-- \/wp:html --><\/p>\n<\/div>\n<\/div>\n<\/div>\n<\/div>\n<\/div>\t\t\t\t\t\t<\/div>\n\t\t\t\t<\/div>\n\t\t\t\t<div class=\"elementor-element elementor-element-d9f7bbc elementor-widget elementor-widget-video\" data-id=\"d9f7bbc\" data-element_type=\"widget\" data-settings=\"{&quot;youtube_url&quot;:&quot;https:\\\/\\\/youtu.be\\\/bhScNGY75Vg&quot;,&quot;video_type&quot;:&quot;youtube&quot;,&quot;controls&quot;:&quot;yes&quot;}\" data-widget_type=\"video.default\">\n\t\t\t\t<div class=\"elementor-widget-container\">\n\t\t\t\t\t<div class=\"elementor-wrapper elementor-open-inline\">\n\t\t\t<div class=\"elementor-video\"><\/div>\t\t<\/div>\n\t\t\t\t<\/div>\n\t\t\t\t<\/div>\n\t\t\t\t<div class=\"elementor-element elementor-element-8c078ef elementor-widget elementor-widget-text-editor\" data-id=\"8c078ef\" data-element_type=\"widget\" data-widget_type=\"text-editor.default\">\n\t\t\t\t<div class=\"elementor-widget-container\">\n\t\t\t\t\t\t\t<div id=\"pl-1459\" class=\"panel-layout\">\n<div id=\"pg-1459-0\" class=\"panel-grid panel-no-style\" data-style=\"{&quot;background_image_attachment&quot;:false,&quot;background_display&quot;:&quot;tile&quot;,&quot;background_image_size&quot;:&quot;full&quot;,&quot;border_thickness&quot;:&quot;1px&quot;,&quot;cell_alignment&quot;:&quot;flex-start&quot;}\" data-ratio=\"1\" data-ratio-direction=\"right\">\n<div id=\"pgc-1459-0-0\" class=\"panel-grid-cell\" data-weight=\"1\">\n<div id=\"panel-1459-0-0-0\" class=\"so-panel widget widget_text panel-first-child panel-last-child\" data-index=\"0\" data-style=\"{&quot;background_image_attachment&quot;:false,&quot;background_display&quot;:&quot;tile&quot;,&quot;background_image_size&quot;:&quot;full&quot;,&quot;border_thickness&quot;:&quot;1px&quot;}\">\n<div class=\"textwidget\">\n<p><!-- wp:image --><\/p>\n<div id=\"pg-1459-4\" class=\"panel-grid panel-no-style\" data-style=\"{&quot;background_image_attachment&quot;:false,&quot;background_display&quot;:&quot;tile&quot;,&quot;background_image_size&quot;:&quot;full&quot;,&quot;border_thickness&quot;:&quot;1px&quot;,&quot;cell_alignment&quot;:&quot;flex-start&quot;}\" data-ratio=\"1\" data-ratio-direction=\"right\">\n<div id=\"pgc-1459-4-0\" class=\"panel-grid-cell\" data-weight=\"1\">\n<div id=\"panel-1459-4-0-0\" class=\"so-panel widget widget_media_video panel-first-child panel-last-child\" data-index=\"3\" data-style=\"{&quot;background_image_attachment&quot;:false,&quot;background_display&quot;:&quot;tile&quot;,&quot;background_image_size&quot;:&quot;full&quot;,&quot;border_thickness&quot;:&quot;1px&quot;}\">Isamar, una joven de 30 a\u00f1os, comparte su hogar en Remolino con su esposo y sus dos hijos. Criada en este pueblo, decidi\u00f3 hace aproximadamente un a\u00f1o iniciar su propia huerta en casa, despu\u00e9s de haber tenido experiencias previas de siembra en otro lugar fuera de su hogar.<\/div>\n<\/div>\n<\/div>\n<div id=\"pg-1459-5\" class=\"panel-grid panel-no-style\" data-style=\"{&quot;background_image_attachment&quot;:false,&quot;background_display&quot;:&quot;tile&quot;,&quot;background_image_size&quot;:&quot;full&quot;,&quot;border_thickness&quot;:&quot;1px&quot;,&quot;cell_alignment&quot;:&quot;flex-start&quot;}\" data-ratio=\"1\" data-ratio-direction=\"right\">\n<div id=\"pgc-1459-5-0\" class=\"panel-grid-cell\" data-weight=\"1\">\n<div id=\"panel-1459-5-0-0\" class=\"so-panel widget widget_text panel-first-child panel-last-child\" data-index=\"4\" data-style=\"{&quot;background_image_attachment&quot;:false,&quot;background_display&quot;:&quot;tile&quot;,&quot;background_image_size&quot;:&quot;full&quot;,&quot;border_thickness&quot;:&quot;1px&quot;}\">\n<div class=\"textwidget\">\n<p>Para Isamar, es fundamental tener acceso a alimentos saludables directamente en su hogar, de all\u00ed consume para sus preparaciones diarias tomate, habichuela, cilantro, cebolla, piment\u00f3n, tomillo, cimarr\u00f3n, yuca, pl\u00e1tano, mango, limones, entre otras variedades. Sus hijos se han involucrado con entusiasmo en el cuidado de la huerta, a la que llam\u00f3 \u201cLa Esperanza\u201d, donde les gusta regar las plantas. Adem\u00e1s, la huerta se ha convertido en un espacio personal y privado para Isamar, all\u00ed encuentra paz y felicidad. Es un lugar que le pertenece, donde puede estar consigo misma y compartir momentos especiales con su familia.<\/p>\n<\/div>\n<\/div>\n<\/div>\n<\/div>\n<p><!-- \/wp:html --><\/p>\n<\/div>\n<\/div>\n<\/div>\n<\/div>\n<\/div>\t\t\t\t\t\t<\/div>\n\t\t\t\t<\/div>\n\t\t\t\t<div class=\"elementor-element elementor-element-23263ef elementor-widget elementor-widget-video\" data-id=\"23263ef\" data-element_type=\"widget\" data-settings=\"{&quot;youtube_url&quot;:&quot;https:\\\/\\\/youtu.be\\\/UmNcdZ3mlLY&quot;,&quot;video_type&quot;:&quot;youtube&quot;,&quot;controls&quot;:&quot;yes&quot;}\" data-widget_type=\"video.default\">\n\t\t\t\t<div class=\"elementor-widget-container\">\n\t\t\t\t\t<div class=\"elementor-wrapper elementor-open-inline\">\n\t\t\t<div class=\"elementor-video\"><\/div>\t\t<\/div>\n\t\t\t\t<\/div>\n\t\t\t\t<\/div>\n\t\t\t\t<div class=\"elementor-element elementor-element-6b6a5ed elementor-widget elementor-widget-text-editor\" data-id=\"6b6a5ed\" data-element_type=\"widget\" data-widget_type=\"text-editor.default\">\n\t\t\t\t<div class=\"elementor-widget-container\">\n\t\t\t\t\t\t\t<p>\u00c9l es James Cuenca, un productor rural de Miranda \u2013 Cauca, quien ha trabajado con nosotros para mejorar la productividad de sus cultivos de pl\u00e1tano. Conoce su historia aqu\u00ed.<\/p>\t\t\t\t\t\t<\/div>\n\t\t\t\t<\/div>\n\t\t\t\t<div class=\"elementor-element elementor-element-7f2165a elementor-widget elementor-widget-video\" data-id=\"7f2165a\" data-element_type=\"widget\" data-settings=\"{&quot;youtube_url&quot;:&quot;https:\\\/\\\/youtu.be\\\/lzJ-GR0MphM&quot;,&quot;video_type&quot;:&quot;youtube&quot;,&quot;controls&quot;:&quot;yes&quot;}\" data-widget_type=\"video.default\">\n\t\t\t\t<div class=\"elementor-widget-container\">\n\t\t\t\t\t<div class=\"elementor-wrapper elementor-open-inline\">\n\t\t\t<div class=\"elementor-video\"><\/div>\t\t<\/div>\n\t\t\t\t<\/div>\n\t\t\t\t<\/div>\n\t\t\t\t<div class=\"elementor-element elementor-element-0ad8375 elementor-widget elementor-widget-text-editor\" data-id=\"0ad8375\" data-element_type=\"widget\" data-widget_type=\"text-editor.default\">\n\t\t\t\t<div class=\"elementor-widget-container\">\n\t\t\t\t\t\t\t<div id=\"pl-1459\" class=\"panel-layout\">\n<div id=\"pg-1459-0\" class=\"panel-grid panel-no-style\" data-style=\"{&quot;background_image_attachment&quot;:false,&quot;background_display&quot;:&quot;tile&quot;,&quot;background_image_size&quot;:&quot;full&quot;,&quot;border_thickness&quot;:&quot;1px&quot;,&quot;cell_alignment&quot;:&quot;flex-start&quot;}\" data-ratio=\"1\" data-ratio-direction=\"right\">\n<div id=\"pgc-1459-0-0\" class=\"panel-grid-cell\" data-weight=\"1\">\n<div id=\"panel-1459-0-0-0\" class=\"so-panel widget widget_text panel-first-child panel-last-child\" data-index=\"0\" data-style=\"{&quot;background_image_attachment&quot;:false,&quot;background_display&quot;:&quot;tile&quot;,&quot;background_image_size&quot;:&quot;full&quot;,&quot;border_thickness&quot;:&quot;1px&quot;}\">\n<div class=\"textwidget\">\n<p><!-- wp:image --><\/p>\n<figure class=\"wp-block-embed is-type-video is-provider-youtube wp-block-embed-youtube wp-embed-aspect-16-9 wp-has-aspect-ratio\"><\/figure>\n<figure class=\"wp-block-embed is-type-video is-provider-youtube wp-block-embed-youtube wp-embed-aspect-16-9 wp-has-aspect-ratio\">\n<div class=\"wp-block-embed__wrapper\">M\u00e1s de 1800 productores de alimentos transforman sus vidas y las de sus familias, a trav\u00e9s del fomento de alternativas econ\u00f3micas rentables y sostenibles que se complementan con acciones para la restauraci\u00f3n y conservaci\u00f3n de 250 hect\u00e1reas de bosque.<\/div>\n<\/figure>\n<p><!-- \/wp:html --><\/p>\n<\/div>\n<\/div>\n<\/div>\n<\/div>\n<\/div>\t\t\t\t\t\t<\/div>\n\t\t\t\t<\/div>\n\t\t\t\t\t<\/div>\n\t\t\t\t<\/div>\n\t\t\t\t<\/div>\n\t\t","protected":false},"excerpt":{"rendered":"<p>En un peque\u00f1o rinc\u00f3n escondido de su casa, Cindy estableci\u00f3 su huerta en octubre de 2023. La llama \u201cMi Rinconcito\u201d y se ha convertido en la fuente de alimentos no&hellip;<\/p>\n","protected":false},"author":1,"featured_media":1473,"comment_status":"open","ping_status":"open","sticky":false,"template":"","format":"standard","meta":{"footnotes":""},"categories":[4],"tags":[],"class_list":["post-1459","post","type-post","status-publish","format-standard","has-post-thumbnail","hentry","category-noticias-y-comunicados"],"_links":{"self":[{"href":"https:\/\/fcgriopailacastilla.org\/site\/wp-json\/wp\/v2\/posts\/1459","targetHints":{"allow":["GET"]}}],"collection":[{"href":"https:\/\/fcgriopailacastilla.org\/site\/wp-json\/wp\/v2\/posts"}],"about":[{"href":"https:\/\/fcgriopailacastilla.org\/site\/wp-json\/wp\/v2\/types\/post"}],"author":[{"embeddable":true,"href":"https:\/\/fcgriopailacastilla.org\/site\/wp-json\/wp\/v2\/users\/1"}],"replies":[{"embeddable":true,"href":"https:\/\/fcgriopailacastilla.org\/site\/wp-json\/wp\/v2\/comments?post=1459"}],"version-history":[{"count":13,"href":"https:\/\/fcgriopailacastilla.org\/site\/wp-json\/wp\/v2\/posts\/1459\/revisions"}],"predecessor-version":[{"id":1523,"href":"https:\/\/fcgriopailacastilla.org\/site\/wp-json\/wp\/v2\/posts\/1459\/revisions\/1523"}],"wp:featuredmedia":[{"embeddable":true,"href":"https:\/\/fcgriopailacastilla.org\/site\/wp-json\/wp\/v2\/media\/1473"}],"wp:attachment":[{"href":"https:\/\/fcgriopailacastilla.org\/site\/wp-json\/wp\/v2\/media?parent=1459"}],"wp:term":[{"taxonomy":"category","embeddable":true,"href":"https:\/\/fcgriopailacastilla.org\/site\/wp-json\/wp\/v2\/categories?post=1459"},{"taxonomy":"post_tag","embeddable":true,"href":"https:\/\/fcgriopailacastilla.org\/site\/wp-json\/wp\/v2\/tags?post=1459"}],"curies":[{"name":"wp","href":"https:\/\/api.w.org\/{rel}","templated":true}]}}