{"id":1416,"date":"2024-04-29T11:39:02","date_gmt":"2024-04-29T16:39:02","guid":{"rendered":"https:\/\/fcgriopailacastilla.org\/?p=1416"},"modified":"2024-09-19T15:07:18","modified_gmt":"2024-09-19T15:07:18","slug":"aldeas-conectamos-humanidad-para-el-desarrollo-de-los-territorios","status":"publish","type":"post","link":"https:\/\/fcgriopailacastilla.org\/site\/2024\/04\/29\/aldeas-conectamos-humanidad-para-el-desarrollo-de-los-territorios\/","title":{"rendered":"ALDEAS: Conectamos humanidad para el desarrollo de los territorios"},"content":{"rendered":"\t\t<div data-elementor-type=\"wp-post\" data-elementor-id=\"1416\" class=\"elementor elementor-1416\">\n\t\t\t\t<div class=\"elementor-element elementor-element-382f3f9c e-flex e-con-boxed e-con e-parent\" data-id=\"382f3f9c\" data-element_type=\"container\">\n\t\t\t\t\t<div class=\"e-con-inner\">\n\t\t\t\t<div class=\"elementor-element elementor-element-680b5d8d elementor-widget elementor-widget-text-editor\" data-id=\"680b5d8d\" data-element_type=\"widget\" data-widget_type=\"text-editor.default\">\n\t\t\t\t<div class=\"elementor-widget-container\">\n\t\t\t\t\t\t\t<div id=\"pl-1416\" class=\"panel-layout\">\n<div id=\"pg-1416-0\" class=\"panel-grid panel-no-style\" data-style=\"{&quot;background_image_attachment&quot;:false,&quot;background_display&quot;:&quot;tile&quot;,&quot;background_image_size&quot;:&quot;full&quot;,&quot;border_thickness&quot;:&quot;1px&quot;,&quot;cell_alignment&quot;:&quot;flex-start&quot;}\" data-ratio=\"1\" data-ratio-direction=\"right\">\n<div id=\"pgc-1416-0-0\" class=\"panel-grid-cell\" data-weight=\"1\">\n<div id=\"panel-1416-0-0-0\" class=\"so-panel widget widget_text panel-first-child panel-last-child\" data-index=\"0\" data-style=\"{&quot;background_image_attachment&quot;:false,&quot;background_display&quot;:&quot;tile&quot;,&quot;background_image_size&quot;:&quot;full&quot;,&quot;border_thickness&quot;:&quot;1px&quot;}\">\n<div class=\"textwidget\">\n<ul>\n \t<li><strong>ALDEAS, la alianza para el Desarrollo Econ\u00f3mico, Social y Ambiental que promueve oportunidades para mejorar las condiciones de vida de comunidades vulnerables en el Valle y norte del Cauca.<\/strong><\/li>\n<\/ul>\n<ul>\n \t<li><strong>La alianza es liderada por la Asociaci\u00f3n Colombiana de Productores y Proveedores de Ca\u00f1a de Az\u00facar, PROCA\u00d1A y las fundaciones Caicedo Gonz\u00e1lez Riopaila Castilla, El Amparo y Mariana Hoyos de Guti\u00e9rrez.<\/strong><\/li>\n<\/ul>\n<\/div>\n<\/div>\n<\/div>\n<\/div>\n<div id=\"pgc-1416-1-0\" class=\"panel-grid-cell panel-grid-cell-empty\" data-weight=\"1\"><strong>Valle del Cauca, 26 de abril de 2024.<\/strong> Con el objetivo de ampliar oportunidades para que las poblaciones con mayor grado de vulnerabilidad del Valle y norte del Cauca puedan acceder al derecho de la alimentaci\u00f3n; la alianza ALDEAS avanza con paso firme en la el desarrollo integral de huertas familiares, minimizando los riesgos de inseguridad alimentaria que deterioran las condiciones de vida de los hogares.<\/div>\n<\/div>\n<div id=\"pg-1416-2\" class=\"panel-grid panel-no-style\" data-style=\"{&quot;background_image_attachment&quot;:false,&quot;background_display&quot;:&quot;tile&quot;,&quot;background_image_size&quot;:&quot;full&quot;,&quot;border_thickness&quot;:&quot;1px&quot;,&quot;cell_alignment&quot;:&quot;flex-start&quot;}\" data-ratio=\"1\" data-ratio-direction=\"right\">\n<div id=\"pgc-1416-2-0\" class=\"panel-grid-cell\" data-weight=\"1\">\n<div id=\"panel-1416-2-0-0\" class=\"so-panel widget widget_text panel-first-child panel-last-child\" data-index=\"1\" data-style=\"{&quot;background_image_attachment&quot;:false,&quot;background_display&quot;:&quot;tile&quot;,&quot;background_image_size&quot;:&quot;full&quot;,&quot;border_thickness&quot;:&quot;1px&quot;}\">\n<div class=\"textwidget\">\n\nLas <strong>Huertas Familiares <\/strong>son posibles gracias al compromiso decidido de m\u00e1s de <strong>1600 familias en territorios como Guachen\u00e9, Miranda, Corinto, Florida, Bugalagrande<\/strong>, entre otros. Esto se logra mediante la construcci\u00f3n concertada de procesos comunitarios que ampl\u00edan las oportunidades de acceso a mejores condiciones de alimentaci\u00f3n, promueven relaciones de solidaridad y confianza, as\u00ed como el reconocimiento y potenciaci\u00f3n de sus saberes a trav\u00e9s del impulso a la producci\u00f3n de alimentos.\n\n<\/div>\n<\/div>\n<\/div>\n<\/div>\n<div id=\"pg-1416-3\" class=\"panel-grid panel-no-style\" data-style=\"{&quot;background_image_attachment&quot;:false,&quot;background_display&quot;:&quot;tile&quot;,&quot;background_image_size&quot;:&quot;full&quot;,&quot;border_thickness&quot;:&quot;1px&quot;,&quot;cell_alignment&quot;:&quot;flex-start&quot;}\" data-ratio=\"1\" data-ratio-direction=\"right\">\n<div id=\"pgc-1416-3-0\" class=\"panel-grid-cell\" data-weight=\"1\">\n<div id=\"panel-1416-3-0-0\" class=\"so-panel widget widget_text panel-first-child panel-last-child\" data-index=\"2\" data-style=\"{&quot;background_image_attachment&quot;:false,&quot;background_display&quot;:&quot;tile&quot;,&quot;background_image_size&quot;:&quot;full&quot;,&quot;border_thickness&quot;:&quot;1px&quot;}\">\n<div class=\"textwidget\">\n\nEste jueves 25 de abril, PROCA\u00d1A, la Fundaci\u00f3n Caicedo Gonz\u00e1lez Riopaila Castilla y los proveedores de ca\u00f1a donantes, visitaron algunas <strong>Huertas<\/strong> en la zona rural de Florida, Valle\u00a0donde tuvieron la oportunidad de conocer las historias de vida de las familias, los procesos de implementaci\u00f3n, producci\u00f3n, autoabastecimiento, canje y comercializaci\u00f3n de los alimentos cultivados en sus huertas.\n\n<\/div>\n<\/div>\n<\/div>\n<\/div>\n<div id=\"pg-1416-4\" class=\"panel-grid panel-no-style\" data-style=\"{&quot;background_image_attachment&quot;:false,&quot;background_display&quot;:&quot;tile&quot;,&quot;background_image_size&quot;:&quot;full&quot;,&quot;border_thickness&quot;:&quot;1px&quot;,&quot;cell_alignment&quot;:&quot;flex-start&quot;}\" data-ratio=\"0.7320508\" data-ratio-direction=\"left\">\n<div id=\"pgc-1416-4-0\" class=\"panel-grid-cell panel-grid-cell-empty\" data-weight=\"0.14746893800696\"><em><img fetchpriority=\"high\" decoding=\"async\" class=\"size-medium wp-image-1473 alignleft\" src=\"https:\/\/fcgriopailacastilla.org\/site\/wp-content\/uploads\/2024\/06\/Imagen5-1-300x285.jpg\" alt=\"\" width=\"300\" height=\"285\" srcset=\"https:\/\/fcgriopailacastilla.org\/site\/wp-content\/uploads\/2024\/06\/Imagen5-1-300x285.jpg 300w, https:\/\/fcgriopailacastilla.org\/site\/wp-content\/uploads\/2024\/06\/Imagen5-1-1024x973.jpg 1024w, https:\/\/fcgriopailacastilla.org\/site\/wp-content\/uploads\/2024\/06\/Imagen5-1-768x729.jpg 768w, https:\/\/fcgriopailacastilla.org\/site\/wp-content\/uploads\/2024\/06\/Imagen5-1.jpg 1273w\" sizes=\"(max-width: 300px) 100vw, 300px\" \/><\/em><\/div>\n<div id=\"pgc-1416-4-1\" class=\"panel-grid-cell\" data-weight=\"0.20144631766944\">\n<div id=\"panel-1416-4-1-0\" class=\"so-panel widget widget_media_image panel-first-child panel-last-child\" data-index=\"3\" data-style=\"{&quot;background_image_attachment&quot;:false,&quot;background_display&quot;:&quot;tile&quot;,&quot;background_image_size&quot;:&quot;full&quot;,&quot;border_thickness&quot;:&quot;1px&quot;}\"><em>\u201cLa huerta que establec\u00ed con ALDEAS me ha permitido mejorar mi alimentaci\u00f3n, la de mi familia y comunidad; ya no tengo que ir al pueblo a comprar, sino que salgo al patio de mi casa y agarro lo que necesite para el almuerzo. Lo que cultivamos aqu\u00ed, si alguno de mis vecinos no tiene, lo compartimos o ellos comparten conmigo. Adem\u00e1s, nos han ense\u00f1ado a cultivar, transformar y comercializar los excedentes de nuestras huertas y as\u00ed, tenemos un ingreso\u201d<\/em>, afirma Amparo, jefe de hogar de Florida (Valle).<\/div>\n<div data-index=\"3\" data-style=\"{&quot;background_image_attachment&quot;:false,&quot;background_display&quot;:&quot;tile&quot;,&quot;background_image_size&quot;:&quot;full&quot;,&quot;border_thickness&quot;:&quot;1px&quot;}\"><\/div>\n<div class=\"so-panel widget widget_media_image panel-first-child panel-last-child\" data-index=\"3\" data-style=\"{&quot;background_image_attachment&quot;:false,&quot;background_display&quot;:&quot;tile&quot;,&quot;background_image_size&quot;:&quot;full&quot;,&quot;border_thickness&quot;:&quot;1px&quot;}\">Las familias destacan las ventajas de contar con una huerta familiar: \u201ctenemos disponibles hortalizas, verduras y frutas libres de sustancias qu\u00edmicas; durante todo el a\u00f1o, con calidad, higiene y sin contaminaci\u00f3n, ayuda a reducir los gastos de la familia y despierta el inter\u00e9s de los ni\u00f1os y j\u00f3venes por cuidar y participar en la huerta\u201d.<\/div>\n<\/div>\n<\/div>\n<div data-index=\"3\" data-style=\"{&quot;background_image_attachment&quot;:false,&quot;background_display&quot;:&quot;tile&quot;,&quot;background_image_size&quot;:&quot;full&quot;,&quot;border_thickness&quot;:&quot;1px&quot;}\"><\/div>\n<div data-index=\"3\" data-style=\"{&quot;background_image_attachment&quot;:false,&quot;background_display&quot;:&quot;tile&quot;,&quot;background_image_size&quot;:&quot;full&quot;,&quot;border_thickness&quot;:&quot;1px&quot;}\"><img decoding=\"async\" class=\"alignnone wp-image-1497\" src=\"https:\/\/fcgriopailacastilla.org\/site\/wp-content\/uploads\/2024\/09\/fotos-unidas-300x58.jpg\" alt=\"\" width=\"496\" height=\"96\" srcset=\"https:\/\/fcgriopailacastilla.org\/site\/wp-content\/uploads\/2024\/09\/fotos-unidas-300x58.jpg 300w, https:\/\/fcgriopailacastilla.org\/site\/wp-content\/uploads\/2024\/09\/fotos-unidas-1024x196.jpg 1024w, https:\/\/fcgriopailacastilla.org\/site\/wp-content\/uploads\/2024\/09\/fotos-unidas-768x147.jpg 768w, https:\/\/fcgriopailacastilla.org\/site\/wp-content\/uploads\/2024\/09\/fotos-unidas.jpg 1043w\" sizes=\"(max-width: 496px) 100vw, 496px\" \/><\/div>\n<div data-index=\"3\" data-style=\"{&quot;background_image_attachment&quot;:false,&quot;background_display&quot;:&quot;tile&quot;,&quot;background_image_size&quot;:&quot;full&quot;,&quot;border_thickness&quot;:&quot;1px&quot;}\"><\/div>\n<div id=\"pl-1416\" class=\"panel-layout\">\n<div id=\"pg-1416-6\" class=\"panel-grid panel-no-style\" data-style=\"{&quot;background_image_attachment&quot;:false,&quot;background_display&quot;:&quot;tile&quot;,&quot;background_image_size&quot;:&quot;full&quot;,&quot;border_thickness&quot;:&quot;1px&quot;,&quot;cell_alignment&quot;:&quot;flex-start&quot;}\" data-ratio=\"1\" data-ratio-direction=\"right\">\n<div id=\"pgc-1416-6-4\" class=\"panel-grid-cell panel-grid-cell-empty\" data-weight=\"0.2\">\u201cComo Amparo son m\u00e1s de cuatro mil personas que junto a sus familias tienen huertas familiares en su hogar para la producci\u00f3n de <strong>28 especies diversas de alimentos<\/strong>; que han <strong>cosechado 3.041 toneladas<\/strong>, que facilita procesos de integraci\u00f3n en la familia, acceso a alimentos frescos que hacen parte de su cultura alimentaria respetando sus saberes y costumbres\u201d, asegur\u00f3 <strong>Martha Betancourt, directora ejecutiva de Proca\u00f1a.<\/strong><\/div>\n<\/div>\n<div id=\"pg-1416-7\" class=\"panel-grid panel-no-style\" data-style=\"{&quot;background_image_attachment&quot;:false,&quot;background_display&quot;:&quot;tile&quot;,&quot;background_image_size&quot;:&quot;full&quot;,&quot;border_thickness&quot;:&quot;1px&quot;,&quot;cell_alignment&quot;:&quot;flex-start&quot;}\" data-ratio=\"1\" data-ratio-direction=\"right\">\n<div id=\"pgc-1416-7-0\" class=\"panel-grid-cell\" data-weight=\"1\">\n<div id=\"panel-1416-7-0-0\" class=\"so-panel widget widget_text panel-first-child panel-last-child\" data-index=\"9\" data-style=\"{&quot;background_image_attachment&quot;:false,&quot;background_display&quot;:&quot;tile&quot;,&quot;background_image_size&quot;:&quot;full&quot;,&quot;border_thickness&quot;:&quot;1px&quot;}\">\n<div class=\"textwidget\">\n\nSobre los logros destacados del proceso,\u00a0<strong>Ana Milena Lemos, directora ejecutiva de la Fundaci\u00f3n Caicedo Gonz\u00e1lez Riopaila Castilla<\/strong>,\u00a0manifest\u00f3 que \u201cEsta iniciativa de agricultura familiar ha fortalecido a las organizaciones sociales, a la valoraci\u00f3n y el empoderamiento de la mujer en el rol de la producci\u00f3n de alimentos y la toma de decisiones relacionadas con la econom\u00eda familiar; adem\u00e1s, de fortalecer los lazos del tejido social de las comunidades.\u201d\n\nEsta experiencia ha permitido fortalecer las relaciones de los actores que participan en la Alianza, siendo las familias el centro de la misma, resignificar la riqueza de nuestra diversidad \u00e9tnica y cultural y el reconocimiento de sus saberes a trav\u00e9s de la producci\u00f3n familiar de frutas, hortalizas y verduras y de profundizar la solidaridad como principio fundamental de la convivencia comunitaria.\n\n<\/div>\n<\/div>\n<\/div>\n<\/div>\n<div id=\"pg-1416-8\" class=\"panel-grid panel-no-style\" data-style=\"{&quot;background_image_attachment&quot;:false,&quot;background_display&quot;:&quot;tile&quot;,&quot;background_image_size&quot;:&quot;full&quot;,&quot;border_thickness&quot;:&quot;1px&quot;,&quot;cell_alignment&quot;:&quot;flex-start&quot;}\" data-ratio=\"1\" data-ratio-direction=\"right\">\n<div id=\"pgc-1416-8-0\" class=\"panel-grid-cell\" data-weight=\"1\">\n<div id=\"panel-1416-8-0-0\" class=\"so-panel widget widget_text panel-first-child panel-last-child\" data-index=\"10\" data-style=\"{&quot;background_image_attachment&quot;:false,&quot;background_display&quot;:&quot;tile&quot;,&quot;background_image_size&quot;:&quot;full&quot;,&quot;border_thickness&quot;:&quot;1px&quot;}\">\n<div class=\"textwidget\">\n\n<strong>25 de abril<\/strong>\n\n<\/div>\n<\/div>\n<\/div>\n<\/div>\n<div id=\"pg-1416-9\" class=\"panel-grid panel-no-style\" data-style=\"{&quot;background_image_attachment&quot;:false,&quot;background_display&quot;:&quot;tile&quot;,&quot;background_image_size&quot;:&quot;full&quot;,&quot;border_thickness&quot;:&quot;1px&quot;,&quot;cell_alignment&quot;:&quot;flex-start&quot;}\" data-ratio=\"1\" data-ratio-direction=\"right\">\n<div id=\"pgc-1416-9-0\" class=\"panel-grid-cell\" data-weight=\"0.33333333333333\">\n<div id=\"panel-1416-9-0-0\" class=\"so-panel widget widget_smartslider3 panel-first-child panel-last-child\" data-index=\"11\" data-style=\"{&quot;background_image_attachment&quot;:false,&quot;background_display&quot;:&quot;tile&quot;,&quot;background_image_size&quot;:&quot;full&quot;,&quot;border_thickness&quot;:&quot;1px&quot;}\"><img decoding=\"async\" class=\"alignnone size-medium wp-image-1510\" src=\"https:\/\/fcgriopailacastilla.org\/site\/wp-content\/uploads\/2024\/09\/IMG_20240425_121720986_HDR-scaled-1-225x300.jpg\" alt=\"\" width=\"225\" height=\"300\" srcset=\"https:\/\/fcgriopailacastilla.org\/site\/wp-content\/uploads\/2024\/09\/IMG_20240425_121720986_HDR-scaled-1-225x300.jpg 225w, https:\/\/fcgriopailacastilla.org\/site\/wp-content\/uploads\/2024\/09\/IMG_20240425_121720986_HDR-scaled-1-768x1024.jpg 768w, https:\/\/fcgriopailacastilla.org\/site\/wp-content\/uploads\/2024\/09\/IMG_20240425_121720986_HDR-scaled-1-1152x1536.jpg 1152w, https:\/\/fcgriopailacastilla.org\/site\/wp-content\/uploads\/2024\/09\/IMG_20240425_121720986_HDR-scaled-1-1536x2048.jpg 1536w, https:\/\/fcgriopailacastilla.org\/site\/wp-content\/uploads\/2024\/09\/IMG_20240425_121720986_HDR-scaled-1.jpg 1920w\" sizes=\"(max-width: 225px) 100vw, 225px\" \/><\/div>\n<\/div>\n\n<\/div>\n<\/div>\t\t\t\t\t\t<\/div>\n\t\t\t\t<\/div>\n\t\t\t\t\t<\/div>\n\t\t\t\t<\/div>\n\t\t\t\t<\/div>\n\t\t","protected":false},"excerpt":{"rendered":"<p>ALDEAS, la alianza para el Desarrollo Econ\u00f3mico, Social y Ambiental que promueve oportunidades para mejorar las condiciones de vida de comunidades vulnerables en el Valle y norte del Cauca. La&hellip;<\/p>\n","protected":false},"author":1,"featured_media":1491,"comment_status":"open","ping_status":"open","sticky":false,"template":"","format":"standard","meta":{"footnotes":""},"categories":[4],"tags":[],"class_list":["post-1416","post","type-post","status-publish","format-standard","has-post-thumbnail","hentry","category-noticias-y-comunicados"],"_links":{"self":[{"href":"https:\/\/fcgriopailacastilla.org\/site\/wp-json\/wp\/v2\/posts\/1416","targetHints":{"allow":["GET"]}}],"collection":[{"href":"https:\/\/fcgriopailacastilla.org\/site\/wp-json\/wp\/v2\/posts"}],"about":[{"href":"https:\/\/fcgriopailacastilla.org\/site\/wp-json\/wp\/v2\/types\/post"}],"author":[{"embeddable":true,"href":"https:\/\/fcgriopailacastilla.org\/site\/wp-json\/wp\/v2\/users\/1"}],"replies":[{"embeddable":true,"href":"https:\/\/fcgriopailacastilla.org\/site\/wp-json\/wp\/v2\/comments?post=1416"}],"version-history":[{"count":22,"href":"https:\/\/fcgriopailacastilla.org\/site\/wp-json\/wp\/v2\/posts\/1416\/revisions"}],"predecessor-version":[{"id":1516,"href":"https:\/\/fcgriopailacastilla.org\/site\/wp-json\/wp\/v2\/posts\/1416\/revisions\/1516"}],"wp:featuredmedia":[{"embeddable":true,"href":"https:\/\/fcgriopailacastilla.org\/site\/wp-json\/wp\/v2\/media\/1491"}],"wp:attachment":[{"href":"https:\/\/fcgriopailacastilla.org\/site\/wp-json\/wp\/v2\/media?parent=1416"}],"wp:term":[{"taxonomy":"category","embeddable":true,"href":"https:\/\/fcgriopailacastilla.org\/site\/wp-json\/wp\/v2\/categories?post=1416"},{"taxonomy":"post_tag","embeddable":true,"href":"https:\/\/fcgriopailacastilla.org\/site\/wp-json\/wp\/v2\/tags?post=1416"}],"curies":[{"name":"wp","href":"https:\/\/api.w.org\/{rel}","templated":true}]}}