{"id":1350,"date":"2024-04-05T11:48:49","date_gmt":"2024-04-05T16:48:49","guid":{"rendered":"https:\/\/fcgriopailacastilla.org\/?p=1350"},"modified":"2024-09-19T15:37:59","modified_gmt":"2024-09-19T15:37:59","slug":"conectamos-humanidad-para-el-desarrollo-de-los-territorios","status":"publish","type":"post","link":"https:\/\/fcgriopailacastilla.org\/site\/2024\/04\/05\/conectamos-humanidad-para-el-desarrollo-de-los-territorios\/","title":{"rendered":"Conectamos humanidad para el desarrollo de los territorios"},"content":{"rendered":"\t\t<div data-elementor-type=\"wp-post\" data-elementor-id=\"1350\" class=\"elementor elementor-1350\">\n\t\t\t\t<div class=\"elementor-element elementor-element-654e0258 e-flex e-con-boxed e-con e-parent\" data-id=\"654e0258\" data-element_type=\"container\">\n\t\t\t\t\t<div class=\"e-con-inner\">\n\t\t\t\t<div class=\"elementor-element elementor-element-4735935c elementor-widget elementor-widget-text-editor\" data-id=\"4735935c\" data-element_type=\"widget\" data-widget_type=\"text-editor.default\">\n\t\t\t\t<div class=\"elementor-widget-container\">\n\t\t\t\t\t\t\t<div id=\"pl-1350\" class=\"panel-layout\"><div id=\"pg-1350-0\" class=\"panel-grid panel-no-style\" data-style=\"{&quot;background_image_attachment&quot;:false,&quot;background_display&quot;:&quot;tile&quot;,&quot;background_image_size&quot;:&quot;full&quot;,&quot;border_thickness&quot;:&quot;1px&quot;,&quot;cell_alignment&quot;:&quot;flex-start&quot;}\" data-ratio=\"1\" data-ratio-direction=\"right\"><div id=\"pgc-1350-0-0\" class=\"panel-grid-cell\" data-weight=\"1\"><div id=\"panel-1350-0-0-0\" class=\"so-panel widget widget_text panel-first-child panel-last-child\" data-index=\"0\" data-style=\"{&quot;background_image_attachment&quot;:false,&quot;background_display&quot;:&quot;tile&quot;,&quot;background_image_size&quot;:&quot;full&quot;,&quot;border_thickness&quot;:&quot;1px&quot;}\"><div class=\"textwidget\"><p><strong><em>\u201cNecesitamos salir adelante como comunidad, mejorar nuestras condiciones de vida; <\/em><em>que los ni\u00f1os tengan un mejor futuro, familias mejores alimentadas y m\u00e1s oportunidades <\/em><\/strong><em><strong>para trabajar, pero ac\u00e1 no contamos con muchas ayudas del Estado\u201d<\/strong> <\/em>afirma Clemencia del corregimiento de Chococito de Florida, Valle del Cauca.<\/p><\/div><\/div><\/div><\/div><div id=\"pg-1350-1\" class=\"panel-grid panel-no-style\" data-style=\"{&quot;background_image_attachment&quot;:false,&quot;background_display&quot;:&quot;tile&quot;,&quot;background_image_size&quot;:&quot;full&quot;,&quot;border_thickness&quot;:&quot;1px&quot;,&quot;cell_alignment&quot;:&quot;flex-start&quot;}\" data-ratio=\"1\" data-ratio-direction=\"right\"><div id=\"pgc-1350-1-0\" class=\"panel-grid-cell\" data-weight=\"1\"><div id=\"panel-1350-1-0-0\" class=\"so-panel widget widget_text panel-first-child panel-last-child\" data-index=\"1\" data-style=\"{&quot;background_image_attachment&quot;:false,&quot;background_display&quot;:&quot;tile&quot;,&quot;background_image_size&quot;:&quot;full&quot;,&quot;border_thickness&quot;:&quot;1px&quot;}\"><div class=\"textwidget\"><p>En Colombia muchas familias se ven envueltas en la incertidumbre de su desarrollo, enfrentando realidades marcadas por la escasez y carencia de recursos b\u00e1sicos. Seg\u00fan el DANE, en el 2022, cerca del 37% de la poblaci\u00f3n vive en condiciones de pobreza y en la ruralidad asciende al 46%.<\/p><p>En consecuencia, la seguridad alimentaria tambi\u00e9n es un reto significativo. En 2022 alrededor del 28% de la poblaci\u00f3n experiment\u00f3 inseguridad alimentaria, estas limitaciones en el acceso a alimentos afectan la salud y el bienestar de las comunidades. En promedio estos hogares perciben ingresos cercanos a los 800 mil pesos mensuales, de los cuales el 70% se destina a compra de alimentos.<\/p><p>En este contexto se vuelve m\u00e1s urgente la necesidad de intervenir de manera efectiva y es as\u00ed como nace ALDEAS, la Alianza para el Desarrollo Econ\u00f3mico, Social y Ambiental para el Valle del Cauca y Cauca, una iniciativa que lidera Proca\u00f1a y las fundaciones Caicedo Gonz\u00e1lez Riopaila Castilla, El Amparo y Mariana Hoyos Guti\u00e9rrez.<\/p><\/div><\/div><\/div><\/div><div id=\"pg-1350-4\" class=\"panel-grid panel-no-style\" data-style=\"{&quot;background_image_attachment&quot;:false,&quot;background_display&quot;:&quot;tile&quot;,&quot;background_image_size&quot;:&quot;full&quot;,&quot;border_thickness&quot;:&quot;1px&quot;,&quot;cell_alignment&quot;:&quot;flex-start&quot;}\" data-ratio=\"1\" data-ratio-direction=\"right\"><div id=\"pgc-1350-4-0\" class=\"panel-grid-cell\" data-weight=\"1\"><div id=\"panel-1350-4-0-0\" class=\"so-panel widget widget_text panel-first-child panel-last-child\" data-index=\"2\" data-style=\"{&quot;background_image_attachment&quot;:false,&quot;background_display&quot;:&quot;tile&quot;,&quot;background_image_size&quot;:&quot;full&quot;,&quot;border_thickness&quot;:&quot;1px&quot;}\"><div class=\"textwidget\"><p>ALDEAS dinamiza la producci\u00f3n y acceso a alimentos, mediante la conformaci\u00f3n y desarrollo integral de huertas familiares con la poblaci\u00f3n m\u00e1s vulnerable de 8 territorios priorizados (Zarzal, Bugalagrande, Florida, Pradera, Puerto Tejada, Miranda, Corinto y Guachen\u00e9), esto lo logra por medio de mecanismos de di\u00e1logo y comunicaci\u00f3n para co-crear la ruta de actuaci\u00f3n. Escuelas de Campo y procesos de acompa\u00f1amiento familiar que permiten el desarrollo de capacidades a fin de lograr la sostenibilidad en la producci\u00f3n de alimentos, dar apertura al intercambio de excedentes, fortalecer el tejido social, mejorar los v\u00ednculos y la econom\u00eda familiar y generar oportunidades de comercializaci\u00f3n local. Desde all\u00ed,<\/p><p><strong><em>\u201cAhora estamos m\u00e1s tranquilas y confiando en que siempre tendremos comida en la casa. La gente se ha unido y a las mujeres nos valoran m\u00e1s, porque producimos alimentos y ayudamos con los gastos. De todo eso que cultivamos, nos comemos una parte y lo otro lo vendemos; a veces los cultivos se nos da\u00f1an, pero as\u00ed vamos aprendiendo\u00bb. <\/em><\/strong>Carmen, l\u00edder de huertas en Florida.<\/p><p>Durante el 2023, se entregaron insumos y herramientas agr\u00edcolas como: semillas, abonos, fertilizantes, plantas frutales, azad\u00f3n, pala, regadera, bandeja de germinaci\u00f3n, polisombra, materiales para desinfecci\u00f3n del suelo, entre otros. Adem\u00e1s, se realizaron 845 visitas t\u00e9cnicas y escuelas de campo, cerca de 2.400 horas de formaci\u00f3n agr\u00edcola, en econom\u00eda familiar y prevenci\u00f3n de violencias de g\u00e9nero, 60 encuentros comunitarios para el fortalecimiento del tejido social, desde las cuales acompa\u00f1amos la siembra y se entregaron recomendaciones para mejorar la huerta.<\/p><\/div><\/div><\/div><\/div><div id=\"pg-1350-5\" class=\"panel-grid panel-no-style\" data-style=\"{&quot;background_image_attachment&quot;:false,&quot;background_display&quot;:&quot;tile&quot;,&quot;background_image_size&quot;:&quot;full&quot;,&quot;border_thickness&quot;:&quot;1px&quot;,&quot;cell_alignment&quot;:&quot;flex-start&quot;}\" data-ratio=\"1\" data-ratio-direction=\"right\"><div id=\"pgc-1350-5-0\" class=\"panel-grid-cell\" data-weight=\"0.2\"><div id=\"panel-1350-5-0-0\" class=\"so-panel widget widget_media_image panel-first-child panel-last-child\" data-index=\"3\" data-style=\"{&quot;background_image_attachment&quot;:false,&quot;background_display&quot;:&quot;tile&quot;,&quot;background_image_size&quot;:&quot;full&quot;,&quot;border_thickness&quot;:&quot;1px&quot;}\"><img fetchpriority=\"high\" decoding=\"async\" class=\"alignnone wp-image-1527 size-large\" src=\"https:\/\/fcgriopailacastilla.org\/site\/wp-content\/uploads\/2024\/09\/foto-2-noticia-1024x289.jpg\" alt=\"\" width=\"1024\" height=\"289\" srcset=\"https:\/\/fcgriopailacastilla.org\/site\/wp-content\/uploads\/2024\/09\/foto-2-noticia-1024x289.jpg 1024w, https:\/\/fcgriopailacastilla.org\/site\/wp-content\/uploads\/2024\/09\/foto-2-noticia-300x85.jpg 300w, https:\/\/fcgriopailacastilla.org\/site\/wp-content\/uploads\/2024\/09\/foto-2-noticia-768x216.jpg 768w, https:\/\/fcgriopailacastilla.org\/site\/wp-content\/uploads\/2024\/09\/foto-2-noticia-1536x433.jpg 1536w, https:\/\/fcgriopailacastilla.org\/site\/wp-content\/uploads\/2024\/09\/foto-2-noticia.jpg 1700w\" sizes=\"(max-width: 1024px) 100vw, 1024px\" \/><\/div><\/div><\/div><div id=\"pg-1350-6\" class=\"panel-grid panel-no-style\" data-style=\"{&quot;background_image_attachment&quot;:false,&quot;background_display&quot;:&quot;tile&quot;,&quot;background_image_size&quot;:&quot;full&quot;,&quot;border_thickness&quot;:&quot;1px&quot;,&quot;cell_alignment&quot;:&quot;flex-start&quot;}\" data-ratio=\"1\" data-ratio-direction=\"right\"><div id=\"pgc-1350-6-0\" class=\"panel-grid-cell\" data-weight=\"1\"><div id=\"panel-1350-6-0-0\" class=\"so-panel widget widget_text panel-first-child panel-last-child\" data-index=\"9\" data-style=\"{&quot;background_image_attachment&quot;:false,&quot;background_display&quot;:&quot;tile&quot;,&quot;background_image_size&quot;:&quot;full&quot;,&quot;border_thickness&quot;:&quot;1px&quot;}\"><div class=\"textwidget\"><p><strong><em>\u201cA nosotros nos gusta trabajar con la Fundaci\u00f3n Caicedo Gonz\u00e1lez Riopaila Castilla y la alianza ALDEAS \u00a0porque a diferencia de otras organizaciones que llegan ac\u00e1, vemos un proceso de largo plazo, en el que nos quieren acompa\u00f1ar, no solo vienen por la firma y la foto, sino que realmente les importamos, para nosotros es muy valioso, no hay como consumir los alimentos que uno mismo ha sembrado y cuidado con tanto esfuerzo\u201d<\/em><\/strong> Jader del Guayabo, Bugalagrande<\/p><p>Durante el 2023, 1.628 familias lograron establecer procesos para la agricultura familiar desde la producci\u00f3n de 28 especies diversas de alimentos agr\u00edcolas en huertas, 4.619 personas en mejora de su seguridad alimentaria y 3.041 toneladas de alimentos fueron producidos.<\/p><p><img decoding=\"async\" class=\"alignnone wp-image-1537 size-large\" src=\"https:\/\/fcgriopailacastilla.org\/site\/wp-content\/uploads\/2024\/09\/foto-3-noticia-1024x265.jpg\" alt=\"\" width=\"1024\" height=\"265\" srcset=\"https:\/\/fcgriopailacastilla.org\/site\/wp-content\/uploads\/2024\/09\/foto-3-noticia-1024x265.jpg 1024w, https:\/\/fcgriopailacastilla.org\/site\/wp-content\/uploads\/2024\/09\/foto-3-noticia-300x78.jpg 300w, https:\/\/fcgriopailacastilla.org\/site\/wp-content\/uploads\/2024\/09\/foto-3-noticia-768x199.jpg 768w, https:\/\/fcgriopailacastilla.org\/site\/wp-content\/uploads\/2024\/09\/foto-3-noticia-1536x398.jpg 1536w, https:\/\/fcgriopailacastilla.org\/site\/wp-content\/uploads\/2024\/09\/foto-3-noticia.jpg 1735w\" sizes=\"(max-width: 1024px) 100vw, 1024px\" \/><\/p><\/div><\/div><\/div><\/div><div id=\"pg-1350-9\" class=\"panel-grid panel-no-style\"><div id=\"pgc-1350-9-0\" class=\"panel-grid-cell\" data-weight=\"1\"><div id=\"panel-1350-9-0-0\" class=\"so-panel widget widget_text panel-first-child panel-last-child\" data-index=\"17\" data-style=\"{&quot;background_image_attachment&quot;:false,&quot;background_display&quot;:&quot;tile&quot;,&quot;background_image_size&quot;:&quot;full&quot;,&quot;border_thickness&quot;:&quot;1px&quot;}\"><div class=\"textwidget\"><p>Despu\u00e9s de meses de arduo trabajo, las familias lograron tener en sus hogares productos para su alimentaci\u00f3n diaria, hortalizas, frutas y verduras producidas de forma org\u00e1nica y limpia que les aporta econ\u00f3micamente y fortalecen directamente la salud.<\/p><\/div><\/div><\/div><\/div><div id=\"pg-1350-10\" class=\"panel-grid panel-no-style\" data-style=\"{&quot;background_image_attachment&quot;:false,&quot;background_display&quot;:&quot;tile&quot;,&quot;background_image_size&quot;:&quot;full&quot;,&quot;border_thickness&quot;:&quot;1px&quot;,&quot;cell_alignment&quot;:&quot;flex-start&quot;}\" data-ratio=\"1\" data-ratio-direction=\"right\"><div id=\"pgc-1350-10-1\" class=\"panel-grid-cell\" data-weight=\"0.25\"><div id=\"panel-1350-10-1-0\" class=\"so-panel widget widget_media_image panel-first-child panel-last-child\" data-index=\"18\" data-style=\"{&quot;background_image_attachment&quot;:false,&quot;background_display&quot;:&quot;tile&quot;,&quot;background_image_size&quot;:&quot;full&quot;,&quot;border_thickness&quot;:&quot;1px&quot;}\"><strong><img decoding=\"async\" class=\"size-full wp-image-1541 alignleft\" src=\"https:\/\/fcgriopailacastilla.org\/site\/wp-content\/uploads\/2024\/09\/FOTO-11-300x169-1.jpeg\" alt=\"\" width=\"300\" height=\"169\" \/>\u201c<em>Camine le muestro mi huerta, yo aqu\u00ed he sembrado cilantro, cebolla y zanahoria. Desde que comenc\u00e9 a sembrar no he tenido que comprar cilantro, yo ya cosech\u00e9 todo mire y volv\u00ed a comprar las semillas y sembr\u00e9 otra vez<\/em>\u201d.<\/strong> Enir Restrepo de El Remolino.<\/div><\/div><\/div><div id=\"pg-1350-11\" class=\"panel-grid panel-no-style\" data-style=\"{&quot;background_image_attachment&quot;:false,&quot;background_display&quot;:&quot;tile&quot;,&quot;background_image_size&quot;:&quot;full&quot;,&quot;border_thickness&quot;:&quot;1px&quot;,&quot;cell_alignment&quot;:&quot;flex-start&quot;}\" data-ratio=\"1\" data-ratio-direction=\"right\"><div id=\"pgc-1350-11-3\" class=\"panel-grid-cell\" data-weight=\"0.25\"><div id=\"panel-1350-11-3-0\" class=\"so-panel widget widget_media_image panel-first-child panel-last-child\" data-index=\"23\" data-style=\"{&quot;background_image_attachment&quot;:false,&quot;background_display&quot;:&quot;tile&quot;,&quot;background_image_size&quot;:&quot;full&quot;,&quot;border_thickness&quot;:&quot;1px&quot;}\"><img loading=\"lazy\" decoding=\"async\" class=\"alignnone wp-image-1542 size-large\" src=\"https:\/\/fcgriopailacastilla.org\/site\/wp-content\/uploads\/2024\/09\/foto-4-noticia-1024x137.jpg\" alt=\"\" width=\"1024\" height=\"137\" srcset=\"https:\/\/fcgriopailacastilla.org\/site\/wp-content\/uploads\/2024\/09\/foto-4-noticia-1024x137.jpg 1024w, https:\/\/fcgriopailacastilla.org\/site\/wp-content\/uploads\/2024\/09\/foto-4-noticia-300x40.jpg 300w, https:\/\/fcgriopailacastilla.org\/site\/wp-content\/uploads\/2024\/09\/foto-4-noticia-768x103.jpg 768w, https:\/\/fcgriopailacastilla.org\/site\/wp-content\/uploads\/2024\/09\/foto-4-noticia-1536x206.jpg 1536w, https:\/\/fcgriopailacastilla.org\/site\/wp-content\/uploads\/2024\/09\/foto-4-noticia.jpg 1710w\" sizes=\"(max-width: 1024px) 100vw, 1024px\" \/><\/div><\/div><\/div><div id=\"pg-1350-12\" class=\"panel-grid panel-no-style\" data-style=\"{&quot;background_image_attachment&quot;:false,&quot;background_display&quot;:&quot;tile&quot;,&quot;background_image_size&quot;:&quot;full&quot;,&quot;border_thickness&quot;:&quot;1px&quot;,&quot;cell_alignment&quot;:&quot;flex-start&quot;}\" data-ratio=\"1\" data-ratio-direction=\"right\"><div id=\"pgc-1350-12-0\" class=\"panel-grid-cell\" data-weight=\"1\"><div id=\"panel-1350-12-0-0\" class=\"so-panel widget widget_text panel-first-child panel-last-child\" data-index=\"24\" data-style=\"{&quot;background_image_attachment&quot;:false,&quot;background_display&quot;:&quot;tile&quot;,&quot;background_image_size&quot;:&quot;full&quot;,&quot;border_thickness&quot;:&quot;1px&quot;}\"><div class=\"textwidget\"><p>Afirma Mar\u00eda \u00c1ngela de Guayabo en Bugalagrande <strong><em>\u201cContar con mejores alimentos en nuestros hogares es una bendici\u00f3n, poder acercarse al patio de la casa y sacar de ah\u00ed las verduras y hierbas para nuestras comidas, es una felicidad para nosotros, y m\u00e1s para muchas mujeres que cuidamos el hogar, es una forma de ayudarnos entre todos\u201d<\/em><\/strong><\/p><\/div><\/div><\/div><\/div><div id=\"pg-1350-13\" class=\"panel-grid panel-no-style\" data-style=\"{&quot;background_image_attachment&quot;:false,&quot;background_display&quot;:&quot;tile&quot;,&quot;background_image_size&quot;:&quot;full&quot;,&quot;border_thickness&quot;:&quot;1px&quot;,&quot;cell_alignment&quot;:&quot;flex-start&quot;}\" data-ratio=\"1\" data-ratio-direction=\"right\"><div id=\"pgc-1350-13-0\" class=\"panel-grid-cell\" data-weight=\"1\"><div id=\"panel-1350-13-0-0\" class=\"so-panel widget widget_text panel-first-child panel-last-child\" data-index=\"25\" data-style=\"{&quot;background_image_attachment&quot;:false,&quot;background_display&quot;:&quot;tile&quot;,&quot;background_image_size&quot;:&quot;full&quot;,&quot;border_thickness&quot;:&quot;1px&quot;}\"><div class=\"textwidget\"><p>Con una planificaci\u00f3n participativa y un trabajo comunitario, los lazos del tejido social de las comunidades se fueron fortaleciendo, de tal forma que en la vereda San Antonio de Bugalagrande se configur\u00f3 una Red de Productores de Hortalizas, iniciativa que involucra a 36 familias con diversos conocimientos sobre la producci\u00f3n y comercializaci\u00f3n hortofrut\u00edcola.<\/p><p>La agricultura familiar permite el involucramiento de todos los integrantes de la familia, incentiva el inter\u00e9s de los ni\u00f1os y j\u00f3venes por el trabajo de la tierra, los adultos mayores con su experiencia nutren los espacios de formaci\u00f3n, las mujeres se empoderan en un ejercicio t\u00e9cnico y aportan adem\u00e1s de, con el cuidado del hogar, sus trabajos remunerados con la producci\u00f3n de alimentos sanos.<\/p><p>Al cierre del a\u00f1o 2023, las comunidades reflexionaron y proyectaron su actuar con la claridad: seguir contribuyendo a mejorar la calidad de vida de sus familias y de sus territorios, invitan a los aliados que hicieron posible esta oportunidad, a seguir impulsando el desarrollo territorial de estas veredas y corregimientos.<\/p><\/div><\/div><\/div><\/div><div id=\"pg-1350-14\" class=\"panel-grid panel-no-style\" data-style=\"{&quot;background_image_attachment&quot;:false,&quot;background_display&quot;:&quot;tile&quot;,&quot;background_image_size&quot;:&quot;full&quot;,&quot;border_thickness&quot;:&quot;1px&quot;,&quot;cell_alignment&quot;:&quot;flex-start&quot;}\" data-ratio=\"1\" data-ratio-direction=\"right\"><div id=\"pgc-1350-14-0\" class=\"panel-grid-cell\" data-weight=\"1\"><div id=\"panel-1350-14-0-0\" class=\"so-panel widget widget_text panel-first-child panel-last-child\" data-index=\"26\" data-style=\"{&quot;background_image_attachment&quot;:false,&quot;background_display&quot;:&quot;tile&quot;,&quot;background_image_size&quot;:&quot;full&quot;,&quot;border_thickness&quot;:&quot;1px&quot;}\"><div class=\"textwidget\"><p><strong><em>\u201cGracias por pensar en nosotras, las mujeres podemos ser muy fuertes y ayudar m\u00e1s a nuestras familias, gracias por creer en estos procesos comunitarios y por permitirnos ser parte de esto, no nos dejen solas\u201d<\/em> <\/strong>manifiesta Clemencia de Remolinos.<\/p><\/div><\/div><\/div><\/div><\/div>\t\t\t\t\t\t<\/div>\n\t\t\t\t<\/div>\n\t\t\t\t\t<\/div>\n\t\t\t\t<\/div>\n\t\t\t\t<\/div>\n\t\t","protected":false},"excerpt":{"rendered":"<p>\u201cNecesitamos salir adelante como comunidad, mejorar nuestras condiciones de vida; que los ni\u00f1os tengan un mejor futuro, familias mejores alimentadas y m\u00e1s oportunidades para trabajar, pero ac\u00e1 no contamos con&hellip;<\/p>\n","protected":false},"author":1,"featured_media":1525,"comment_status":"open","ping_status":"open","sticky":false,"template":"","format":"standard","meta":{"footnotes":""},"categories":[4],"tags":[],"class_list":["post-1350","post","type-post","status-publish","format-standard","has-post-thumbnail","hentry","category-noticias-y-comunicados"],"_links":{"self":[{"href":"https:\/\/fcgriopailacastilla.org\/site\/wp-json\/wp\/v2\/posts\/1350","targetHints":{"allow":["GET"]}}],"collection":[{"href":"https:\/\/fcgriopailacastilla.org\/site\/wp-json\/wp\/v2\/posts"}],"about":[{"href":"https:\/\/fcgriopailacastilla.org\/site\/wp-json\/wp\/v2\/types\/post"}],"author":[{"embeddable":true,"href":"https:\/\/fcgriopailacastilla.org\/site\/wp-json\/wp\/v2\/users\/1"}],"replies":[{"embeddable":true,"href":"https:\/\/fcgriopailacastilla.org\/site\/wp-json\/wp\/v2\/comments?post=1350"}],"version-history":[{"count":25,"href":"https:\/\/fcgriopailacastilla.org\/site\/wp-json\/wp\/v2\/posts\/1350\/revisions"}],"predecessor-version":[{"id":1554,"href":"https:\/\/fcgriopailacastilla.org\/site\/wp-json\/wp\/v2\/posts\/1350\/revisions\/1554"}],"wp:featuredmedia":[{"embeddable":true,"href":"https:\/\/fcgriopailacastilla.org\/site\/wp-json\/wp\/v2\/media\/1525"}],"wp:attachment":[{"href":"https:\/\/fcgriopailacastilla.org\/site\/wp-json\/wp\/v2\/media?parent=1350"}],"wp:term":[{"taxonomy":"category","embeddable":true,"href":"https:\/\/fcgriopailacastilla.org\/site\/wp-json\/wp\/v2\/categories?post=1350"},{"taxonomy":"post_tag","embeddable":true,"href":"https:\/\/fcgriopailacastilla.org\/site\/wp-json\/wp\/v2\/tags?post=1350"}],"curies":[{"name":"wp","href":"https:\/\/api.w.org\/{rel}","templated":true}]}}