{"id":1239,"date":"2023-04-28T07:49:59","date_gmt":"2023-04-28T12:49:59","guid":{"rendered":"https:\/\/fcgriopailacastilla.org\/?p=1239"},"modified":"2024-09-25T15:42:40","modified_gmt":"2024-09-25T15:42:40","slug":"aldeas-entrego-ayudas-alimentarias-a-240-familias-afectadas-por-temporada-de-lluviasen-valle-y-norte-del-cauca","status":"publish","type":"post","link":"https:\/\/fcgriopailacastilla.org\/site\/2023\/04\/28\/aldeas-entrego-ayudas-alimentarias-a-240-familias-afectadas-por-temporada-de-lluviasen-valle-y-norte-del-cauca\/","title":{"rendered":"ALDEAS entreg\u00f3 ayudas alimentarias a 240 familias afectadas por temporada de lluviasen Valle y norte del Cauca"},"content":{"rendered":"\n<ul class=\"wp-block-list\">\n<li><em>Los apoyos se entregaron en los municipios de Bugalagrande, en el Valle del Cauca, y en<\/em> <em>Corinto, norte del Cauca.<\/em><\/li>\n\n\n\n<li><em>Proca\u00f1a y la fundaci\u00f3n Caicedo Gonz\u00e1lez Riopaila Castilla, lideraron esta iniciativa, como parte<\/em> <em>de las intervenciones sociales que se realizan en el marco de la Alianza para el Desarrollo<\/em> <em>Econ\u00f3mico, Social y Ambiental ALDEAS.<\/em><\/li>\n<\/ul>\n\n\n\n<p><strong>Abril 27 de 2023.<\/strong> 240 familias afectadas por la temporada de lluvias recibieron ayudas alimentarias a trav\u00e9s de ALDEAS, iniciativa liderada por Proca\u00f1a y la Fundaci\u00f3n Caicedo Gonz\u00e1lez Riopaila Castilla quienes hacen parte de la Alianza.<\/p>\n\n\n\n<p>Los paquetes, que incluyeron tambi\u00e9n algunos productos de aseo, fueron recibidos por 150 familias en Bugalagrande, Valle, en una jornada que se cumpli\u00f3 en la Estaci\u00f3n del Ferrocarril; y en el municipio de Corinto, Cauca, las ayudas alimentarias llegaron a 90 familias y se entregaron con el apoyo especial del Ingenio Mar\u00eda Luisa y Bengala que se unieron a esta iniciativa en el norte del Departamento.<\/p>\n\n\n\n<p>\u201cAgradecemos a los productores de ca\u00f1a por su solidaridad con las comunidades, ALDEAS mantiene su compromiso con la regi\u00f3n, estas actividades se enmarcan en los ejes de trabajo que desarrollamos desde el 2022, cuando se cre\u00f3 la Alianza, en aras de impulsar condiciones sociales para el desarrollo de los vallecaucanos y caucanos\u201d, asegur\u00f3 <strong>Martha Betancourt, directora ejecutiva de Proca\u00f1a.<\/strong><\/p>\n\n\n\n<p>Las familias que recibieron las ayudas alimentarias fueron seleccionadas con apoyo de las alcald\u00edas locales y sus registros de afectados por emergencias ocurridas este a\u00f1o.  <\/p>\n\n\n\n<p>Sobre la sinergia entre diferentes organizaciones del sector privado para hacer esto posible, <strong>Ana Milena Lemos, directora ejecutiva de la Fundaci\u00f3n Caicedo Gonz\u00e1lez Riopaila Castilla,<\/strong> manifest\u00f3 que \u201ccon este tipo de acciones ratificamos ese compromiso social que asumimos como fundaci\u00f3n desde 1957, por la generaci\u00f3n de escenarios para el desarrollo de las poblaciones m\u00e1s vulnerables de estos dos departamentos. Nuestro trabajo hace parte de esta Alianza en la que participamos junto a Proca\u00f1a, para unir esfuerzos, conocimientos, que aporten a comunidades del suroccidente colombiano\u201d.<\/p>\n","protected":false},"excerpt":{"rendered":"<p>Abril 27 de 2023. 240 familias afectadas por la temporada de lluvias recibieron ayudas alimentarias a trav\u00e9s de ALDEAS, iniciativa liderada por Proca\u00f1a y la Fundaci\u00f3n Caicedo Gonz\u00e1lez Riopaila Castilla&hellip;<\/p>\n","protected":false},"author":1,"featured_media":1560,"comment_status":"open","ping_status":"open","sticky":false,"template":"","format":"standard","meta":{"footnotes":""},"categories":[1],"tags":[],"class_list":["post-1239","post","type-post","status-publish","format-standard","has-post-thumbnail","hentry","category-recomendados"],"_links":{"self":[{"href":"https:\/\/fcgriopailacastilla.org\/site\/wp-json\/wp\/v2\/posts\/1239","targetHints":{"allow":["GET"]}}],"collection":[{"href":"https:\/\/fcgriopailacastilla.org\/site\/wp-json\/wp\/v2\/posts"}],"about":[{"href":"https:\/\/fcgriopailacastilla.org\/site\/wp-json\/wp\/v2\/types\/post"}],"author":[{"embeddable":true,"href":"https:\/\/fcgriopailacastilla.org\/site\/wp-json\/wp\/v2\/users\/1"}],"replies":[{"embeddable":true,"href":"https:\/\/fcgriopailacastilla.org\/site\/wp-json\/wp\/v2\/comments?post=1239"}],"version-history":[{"count":1,"href":"https:\/\/fcgriopailacastilla.org\/site\/wp-json\/wp\/v2\/posts\/1239\/revisions"}],"predecessor-version":[{"id":1561,"href":"https:\/\/fcgriopailacastilla.org\/site\/wp-json\/wp\/v2\/posts\/1239\/revisions\/1561"}],"wp:featuredmedia":[{"embeddable":true,"href":"https:\/\/fcgriopailacastilla.org\/site\/wp-json\/wp\/v2\/media\/1560"}],"wp:attachment":[{"href":"https:\/\/fcgriopailacastilla.org\/site\/wp-json\/wp\/v2\/media?parent=1239"}],"wp:term":[{"taxonomy":"category","embeddable":true,"href":"https:\/\/fcgriopailacastilla.org\/site\/wp-json\/wp\/v2\/categories?post=1239"},{"taxonomy":"post_tag","embeddable":true,"href":"https:\/\/fcgriopailacastilla.org\/site\/wp-json\/wp\/v2\/tags?post=1239"}],"curies":[{"name":"wp","href":"https:\/\/api.w.org\/{rel}","templated":true}]}}