{"id":1099,"date":"2022-12-07T09:43:53","date_gmt":"2022-12-07T14:43:53","guid":{"rendered":"https:\/\/fcgriopailacastilla.org\/?p=1099"},"modified":"2024-09-25T15:42:52","modified_gmt":"2024-09-25T15:42:52","slug":"65-anos-de-compromiso-social-se-conmemoran-en-el-suroccidente-colombiano","status":"publish","type":"post","link":"https:\/\/fcgriopailacastilla.org\/site\/2022\/12\/07\/65-anos-de-compromiso-social-se-conmemoran-en-el-suroccidente-colombiano\/","title":{"rendered":"<strong>65 a\u00f1os de compromiso social se conmemoran en el suroccidente colombiano<\/strong>"},"content":{"rendered":"\n<ul class=\"wp-block-list\">\n<li><em>La Fundaci\u00f3n Caicedo Gonz\u00e1lez Riopaila Castilla cumple 65 a\u00f1os de compromiso con el desarrollo y la generaci\u00f3n de valor social en los territorios donde opera Riopaila Castilla.<\/em><\/li>\n\n\n\n<li><em>Su apuesta por el desarrollo territorial involucra un promedio de 15 mil participantes al a\u00f1o.<\/em><\/li>\n\n\n\n<li><em>En los \u00faltimos a\u00f1os, ha llevado a cabo iniciativa para la inversi\u00f3n p\u00fablica en educaci\u00f3n y seguridad alimentaria que suman $82 mil millones.<\/em><\/li>\n<\/ul>\n\n\n\n<p><strong>Cali, 30 de noviembre 2022 <\/strong>&#8211; La Fundaci\u00f3n Caicedo Gonz\u00e1lez Riopaila Castilla (FCGRC), primera fundaci\u00f3n de origen empresarial del Valle del Cauca cumple 65 a\u00f1os de compromiso social. Con alianzas y una amplia participaci\u00f3n ciudadana, esta entidad ha impulsado 35 proyectos de inversi\u00f3n p\u00fablica en educaci\u00f3n y seguridad alimentaria que suman $82 mil millones, iniciativas que materializan 19 pol\u00edticas p\u00fablicas y planes de desarrollo en los municipios donde opera Riopaila Castilla.<\/p>\n\n\n\n<p>Durante estas seis d\u00e9cadas, su vocaci\u00f3n por lo social le ha permitido innovar en la gesti\u00f3n para promover el desarrollo territorial, ampliando oportunidades de desarrollo de aproximadamente 15 mil personas al a\u00f1o. En cadenas agroalimentarias, trabaja con m\u00e1s de 1500 peque\u00f1os productores de hortalizas, frutas y verduras. En educaci\u00f3n, dinamiza 38 programas t\u00e9cnicos y tecnol\u00f3gicos con universidades p\u00fablicas regionales que abren oportunidades para la movilidad laboral a m\u00e1s de 780 estudiantes certificados anualmente.<\/p>\n\n\n\n<p>\u201c<em>Hemos transitado durante 65 a\u00f1os con los territorios, acompa\u00f1ando sus transformaciones a partir de propuestas concertadas que surgen de los saberes y realidades locales.&nbsp; Nuestro inter\u00e9s es seguir trabajando, desde la diversidad territorial, en un di\u00e1logo multiactor que logre concertar soluciones para avanzar en el cierre de brechas que dificultan el mejoramiento de las condiciones de vida de las poblaciones con mayores niveles de vulnerabilidad social<\/em>\u201d, coment\u00f3 Ana Milena Lemos Paredes, directora ejecutiva de la Fundaci\u00f3n Caicedo Gonz\u00e1lez Riopaila Castilla.<\/p>\n\n\n\n<p>Para asegurar la permanencia de estos procesos, la Fundaci\u00f3n fortalece el tejido social a trav\u00e9s de la activaci\u00f3n de 14 redes ciudadanas y escuelas de liderazgo, desarrolla capacidades en 150 organizaciones sociales para la incidencia en asuntos p\u00fablicos y control social y, fortalece la institucionalidad p\u00fablica donde participan 170 servidores.<\/p>\n\n\n\n<div class=\"wp-block-columns is-layout-flex wp-container-core-columns-is-layout-9d6595d7 wp-block-columns-is-layout-flex\">\n<div class=\"wp-block-column is-layout-flow wp-block-column-is-layout-flow\">\n<p>La entidad, con el objetivo de reafirmar su compromiso social, realiz\u00f3 un evento en el que reuni\u00f3 un poco m\u00e1s de 350 invitados entre l\u00edderes comunitarios, delegados de los gobiernos locales y regionales, aliados, trabajadores, proveedores de Riopaila Castilla, representantes del sector social, entre otros, para conmemorar su aniversario. El evento se llev\u00f3 a cabo en la Hacienda Ca\u00f1asgordas de Cali, en el que estuvieron presentes participantes de los programas que compartieron sus experiencias.<\/p>\n\n\n\n<p>La conmemoraci\u00f3n incluy\u00f3 un panel sobre las <strong>\u201cconvergencias para el desarrollo territorial<\/strong>\u201d con la participaci\u00f3n de expertos nacionales e internacionales en asuntos p\u00fablicos, sociales, ambientales y econ\u00f3micos como Ana Fernanda Maiguascha, presidenta del Consejo Privado de Competitividad; \u00c1ngela Penagos, presidenta de Finagro; Carlos Enrique Moreno, exconsejero presidencial y empresario; Juan Mayr, exministro de Ambiente; Myriam Mendez, directora ejecutiva de Valiente es Dialogar; Rossana Mej\u00eda, consejera mayor de la Asociaci\u00f3n de Consejos Comunitarios del Norte del Cauca; y Santiago Rojas, Gerente Regional Norte de la Corporaci\u00f3n Andina de Fomento.<\/p>\n<\/div>\n\n\n\n<div class=\"wp-block-column is-layout-flow wp-block-column-is-layout-flow\">\n<div style=\"height:35px\" aria-hidden=\"true\" class=\"wp-block-spacer\"><\/div>\n\n\n\n<figure class=\"wp-block-embed is-type-video is-provider-youtube wp-block-embed-youtube wp-embed-aspect-16-9 wp-has-aspect-ratio\"><div class=\"wp-block-embed__wrapper\">\n<iframe title=\"65 a\u00f1os de compromiso social se conmemoran en el suroccidente colombiano\" width=\"500\" height=\"281\" src=\"https:\/\/www.youtube.com\/embed\/D4oUoGgsoLI?feature=oembed\" frameborder=\"0\" allow=\"accelerometer; autoplay; clipboard-write; encrypted-media; gyroscope; picture-in-picture; web-share\" referrerpolicy=\"strict-origin-when-cross-origin\" allowfullscreen><\/iframe>\n<\/div><\/figure>\n<\/div>\n<\/div>\n\n\n\n<div class=\"wp-block-columns is-layout-flex wp-container-core-columns-is-layout-9d6595d7 wp-block-columns-is-layout-flex\">\n<div class=\"wp-block-column is-layout-flow wp-block-column-is-layout-flow\">\n<p>El evento cont\u00f3, adem\u00e1s, con la presencia de Pedro Cardona L\u00f3pez, presidente ejecutivo de Riopaila Castilla, quien afirm\u00f3 que \u201c<em>nuestra Fundaci\u00f3n es la expresi\u00f3n del compromiso social por Colombia del Grupo Agroindustrial Riopaila Castilla y sus accionistas.&nbsp; Estamos orgullosos de la trayectoria e impacto en el desarrollo de las comunidades, un legado que nace con nuestros fundadores, don Hernando Caicedo y do\u00f1a Cecilia Gonz\u00e1lez de Caicedo, y que sigue latente y comprometido con el desarrollo territorial<\/em>\u201d.<\/p>\n<\/div>\n<\/div>\n\n\n\n<div style=\"height:44px\" aria-hidden=\"true\" class=\"wp-block-spacer\"><\/div>\n\n\n\n<p><strong>Acerca de Riopaila Castilla<\/strong><br>Somos un Grupo Agroindustrial colombiano con m\u00e1s de 100 a\u00f1os de experiencia en el mercado nacional e internacional, enfocado en producci\u00f3n sostenible de alimentos, energ\u00eda verde y combustibles renovables para Colombia y el mundo.<\/p>\n\n\n\n<p><strong>Acerca de la Fundaci\u00f3n Caicedo Gonz\u00e1lez Riopaila Castilla<\/strong><br>Somos una fundaci\u00f3n con 65 a\u00f1os de trayectoria, articulada a la estrategia corporativa del Grupo Agroindustrial Riopaila Catilla. El prop\u00f3sito que gu\u00eda nuestro accionar se encuentra en la promoci\u00f3n del desarrollo territorial sostenible del Valle del Cauca y Norte del Cauca.<\/p>\n\n\n\n<div style=\"height:19px\" aria-hidden=\"true\" class=\"wp-block-spacer\"><\/div>\n\n\n\n<div class=\"wp-block-buttons is-content-justification-center is-layout-flex wp-container-core-buttons-is-layout-16018d1d wp-block-buttons-is-layout-flex\">\n<div class=\"wp-block-button\"><a class=\"wp-block-button__link wp-element-button\" href=\"https:\/\/youtu.be\/enUmYD3ecAY\" target=\"_blank\" rel=\"noreferrer noopener\">1. Conferencia: Colombia, los retos del rompecabezas.<br>Ana Fernanda Mainguasca<\/a><\/div>\n\n\n\n<div class=\"wp-block-button\"><a class=\"wp-block-button__link wp-element-button\" href=\"https:\/\/www.youtube.com\/watch?v=rwjWdwYZV_M\" target=\"_blank\" rel=\"noreferrer noopener\">2. Panel de participantes: Historias, voces y huellas de una fundaci\u00f3n en el territorio<\/a><\/div>\n\n\n\n<div class=\"wp-block-button\"><a class=\"wp-block-button__link wp-element-button\" href=\"https:\/\/www.youtube.com\/watch?v=EelqS3ouGyo\" target=\"_blank\" rel=\"noreferrer noopener\">3. Panel de expertos sobre convergencias para el desarrollo territorial<\/a><\/div>\n\n\n\n<div class=\"wp-block-button\"><a class=\"wp-block-button__link wp-element-button\" href=\"https:\/\/drive.google.com\/drive\/folders\/1XcOgXJswJRPxLHv-oGlbjuS9HE7kmgSy?usp=share_link\" target=\"_blank\" rel=\"noreferrer noopener\">Fotos<\/a><\/div>\n\n\n\n<div class=\"wp-block-button\"><a class=\"wp-block-button__link wp-element-button\" href=\"https:\/\/youtu.be\/1ZTfKPuAWl0\" target=\"_blank\" rel=\"noreferrer noopener\">Video<\/a><\/div>\n<\/div>\n","protected":false},"excerpt":{"rendered":"<p>Cali, 30 de noviembre 2022 &#8211; La Fundaci\u00f3n Caicedo Gonz\u00e1lez Riopaila Castilla (FCGRC), primera fundaci\u00f3n de origen empresarial del Valle del Cauca cumple 65 a\u00f1os de compromiso social. Con alianzas&hellip;<\/p>\n","protected":false},"author":1,"featured_media":1564,"comment_status":"open","ping_status":"open","sticky":false,"template":"","format":"standard","meta":{"footnotes":""},"categories":[5],"tags":[],"class_list":["post-1099","post","type-post","status-publish","format-standard","has-post-thumbnail","hentry","category-historias"],"_links":{"self":[{"href":"https:\/\/fcgriopailacastilla.org\/site\/wp-json\/wp\/v2\/posts\/1099","targetHints":{"allow":["GET"]}}],"collection":[{"href":"https:\/\/fcgriopailacastilla.org\/site\/wp-json\/wp\/v2\/posts"}],"about":[{"href":"https:\/\/fcgriopailacastilla.org\/site\/wp-json\/wp\/v2\/types\/post"}],"author":[{"embeddable":true,"href":"https:\/\/fcgriopailacastilla.org\/site\/wp-json\/wp\/v2\/users\/1"}],"replies":[{"embeddable":true,"href":"https:\/\/fcgriopailacastilla.org\/site\/wp-json\/wp\/v2\/comments?post=1099"}],"version-history":[{"count":1,"href":"https:\/\/fcgriopailacastilla.org\/site\/wp-json\/wp\/v2\/posts\/1099\/revisions"}],"predecessor-version":[{"id":1565,"href":"https:\/\/fcgriopailacastilla.org\/site\/wp-json\/wp\/v2\/posts\/1099\/revisions\/1565"}],"wp:featuredmedia":[{"embeddable":true,"href":"https:\/\/fcgriopailacastilla.org\/site\/wp-json\/wp\/v2\/media\/1564"}],"wp:attachment":[{"href":"https:\/\/fcgriopailacastilla.org\/site\/wp-json\/wp\/v2\/media?parent=1099"}],"wp:term":[{"taxonomy":"category","embeddable":true,"href":"https:\/\/fcgriopailacastilla.org\/site\/wp-json\/wp\/v2\/categories?post=1099"},{"taxonomy":"post_tag","embeddable":true,"href":"https:\/\/fcgriopailacastilla.org\/site\/wp-json\/wp\/v2\/tags?post=1099"}],"curies":[{"name":"wp","href":"https:\/\/api.w.org\/{rel}","templated":true}]}}